{"id":32,"date":"2019-07-16T14:20:00","date_gmt":"2019-07-16T14:20:00","guid":{"rendered":"https:\/\/cdu-graben-neudorf.de\/?p=32"},"modified":"2022-08-04T16:13:33","modified_gmt":"2022-08-04T16:13:33","slug":"erste-fraktionssitzung-in-neuer-besetzung","status":"publish","type":"post","link":"https:\/\/cdu-graben-neudorf.de\/index.php\/2019\/07\/16\/erste-fraktionssitzung-in-neuer-besetzung\/","title":{"rendered":"Erste Fraktionssitzung in neuer Besetzung"},"content":{"rendered":"\n<p>Am letzten Mittwoch hat sich die \u201eneue\u201c CDU Fraktion das erste Mal intern getroffen (siehe angeh\u00e4ngtes Bild*), um gemeinsam zu \u00fcberlegen und zu entscheiden, welche Fraktionsmitglieder in den kommenden Jahren in welchen Aussch\u00fcssen vertreten sein sollen \u2013 die Verwaltung hat um unsere \u201eBesetzungsliste\u201c gebeten, um die konstituierende Sitzung, am Montag, den 22. Juli 2019 vorbereiten zu k\u00f6nnen.<\/p>\n\n\n\n<p>In der Gemeinderatssitzung in der Woche davor (-&gt; Montag, 15. Juli, 19.00 Uhr) wird dann der alte Gemeinderat offiziell verabschiedet: Aus unseren Reihen werden sich Volker Decker und Peter Frittmann in den \u201ekommunalpolitischen Ruhestand\u201c verabschieden.<\/p>\n\n\n\n<p>Herzliche Einladung an alle, den Beiden auch \u201etsch\u00fcss\u201c zu sagen.<\/p>\n","protected":false},"excerpt":{"rendered":"<p>Am letzten Mittwoch hat sich die \u201eneue\u201c CDU Fraktion das erste Mal intern getroffen (siehe angeh\u00e4ngtes Bild*), um gemeinsam zu \u00fcberlegen und zu entscheiden, welche &hellip; <\/p>\n","protected":false},"author":2,"featured_media":0,"comment_status":"closed","ping_status":"closed","sticky":false,"template":"","format":"standard","meta":{"footnotes":""},"categories":[5],"tags":[],"class_list":["post-32","post","type-post","status-publish","format-standard","hentry","category-gemeinderatsfraktion"],"_links":{"self":[{"href":"https:\/\/cdu-graben-neudorf.de\/index.php\/wp-json\/wp\/v2\/posts\/32","targetHints":{"allow":["GET"]}}],"collection":[{"href":"https:\/\/cdu-graben-neudorf.de\/index.php\/wp-json\/wp\/v2\/posts"}],"about":[{"href":"https:\/\/cdu-graben-neudorf.de\/index.php\/wp-json\/wp\/v2\/types\/post"}],"author":[{"embeddable":true,"href":"https:\/\/cdu-graben-neudorf.de\/index.php\/wp-json\/wp\/v2\/users\/2"}],"replies":[{"embeddable":true,"href":"https:\/\/cdu-graben-neudorf.de\/index.php\/wp-json\/wp\/v2\/comments?post=32"}],"version-history":[{"count":1,"href":"https:\/\/cdu-graben-neudorf.de\/index.php\/wp-json\/wp\/v2\/posts\/32\/revisions"}],"predecessor-version":[{"id":33,"href":"https:\/\/cdu-graben-neudorf.de\/index.php\/wp-json\/wp\/v2\/posts\/32\/revisions\/33"}],"wp:attachment":[{"href":"https:\/\/cdu-graben-neudorf.de\/index.php\/wp-json\/wp\/v2\/media?parent=32"}],"wp:term":[{"taxonomy":"category","embeddable":true,"href":"https:\/\/cdu-graben-neudorf.de\/index.php\/wp-json\/wp\/v2\/categories?post=32"},{"taxonomy":"post_tag","embeddable":true,"href":"https:\/\/cdu-graben-neudorf.de\/index.php\/wp-json\/wp\/v2\/tags?post=32"}],"curies":[{"name":"wp","href":"https:\/\/api.w.org\/{rel}","templated":true}]}}