{"id":24,"date":"2019-07-23T15:10:00","date_gmt":"2019-07-23T15:10:00","guid":{"rendered":"https:\/\/cdu-graben-neudorf.de\/?p=24"},"modified":"2022-08-04T16:13:33","modified_gmt":"2022-08-04T16:13:33","slug":"herzlich-willkommen","status":"publish","type":"post","link":"https:\/\/cdu-graben-neudorf.de\/index.php\/2019\/07\/23\/herzlich-willkommen\/","title":{"rendered":"Herzlich Willkommen!"},"content":{"rendered":"\n<p><strong>Marcus Melder&nbsp;<\/strong>und&nbsp;<strong>Jan Wilhelm<\/strong>&nbsp;geh\u00f6ren nun offiziell zur CDU Gemeinderatsfraktion &#8211; der neue Rat hat sich am Montag, den 22.07.2019 zu seiner konstituierenden und ersten Sitzung getroffen.<\/p>\n\n\n\n<p>Marcus und Jan komplettieren nun die &#8222;CDU-Alt-Gemeinder\u00e4te&#8220; Karl-Heinz Kling, Andre Mayer (Fraktionssprecher), Peter Sch\u00e4fer, Jonas Notheis, J\u00f6rg Hartmann (stellvertr. Fraktionssprecher), Ramona Schmidt und Klaus Wilhelm.<\/p>\n","protected":false},"excerpt":{"rendered":"<p>Marcus Melder&nbsp;und&nbsp;Jan Wilhelm&nbsp;geh\u00f6ren nun offiziell zur CDU Gemeinderatsfraktion &#8211; der neue Rat hat sich am Montag, den 22.07.2019 zu seiner konstituierenden und ersten Sitzung getroffen. &hellip; <\/p>\n","protected":false},"author":2,"featured_media":0,"comment_status":"closed","ping_status":"closed","sticky":false,"template":"","format":"standard","meta":{"footnotes":""},"categories":[5],"tags":[],"class_list":["post-24","post","type-post","status-publish","format-standard","hentry","category-gemeinderatsfraktion"],"_links":{"self":[{"href":"https:\/\/cdu-graben-neudorf.de\/index.php\/wp-json\/wp\/v2\/posts\/24","targetHints":{"allow":["GET"]}}],"collection":[{"href":"https:\/\/cdu-graben-neudorf.de\/index.php\/wp-json\/wp\/v2\/posts"}],"about":[{"href":"https:\/\/cdu-graben-neudorf.de\/index.php\/wp-json\/wp\/v2\/types\/post"}],"author":[{"embeddable":true,"href":"https:\/\/cdu-graben-neudorf.de\/index.php\/wp-json\/wp\/v2\/users\/2"}],"replies":[{"embeddable":true,"href":"https:\/\/cdu-graben-neudorf.de\/index.php\/wp-json\/wp\/v2\/comments?post=24"}],"version-history":[{"count":1,"href":"https:\/\/cdu-graben-neudorf.de\/index.php\/wp-json\/wp\/v2\/posts\/24\/revisions"}],"predecessor-version":[{"id":25,"href":"https:\/\/cdu-graben-neudorf.de\/index.php\/wp-json\/wp\/v2\/posts\/24\/revisions\/25"}],"wp:attachment":[{"href":"https:\/\/cdu-graben-neudorf.de\/index.php\/wp-json\/wp\/v2\/media?parent=24"}],"wp:term":[{"taxonomy":"category","embeddable":true,"href":"https:\/\/cdu-graben-neudorf.de\/index.php\/wp-json\/wp\/v2\/categories?post=24"},{"taxonomy":"post_tag","embeddable":true,"href":"https:\/\/cdu-graben-neudorf.de\/index.php\/wp-json\/wp\/v2\/tags?post=24"}],"curies":[{"name":"wp","href":"https:\/\/api.w.org\/{rel}","templated":true}]}}