{"id":138,"date":"2022-07-28T05:30:36","date_gmt":"2022-07-28T05:30:36","guid":{"rendered":"https:\/\/cdu-graben-neudorf.de\/?p=138"},"modified":"2022-08-04T16:13:33","modified_gmt":"2022-08-04T16:13:33","slug":"der-cdu-fraktion-gehoert-nun-bernhard-bernd-kirchgaessner-an","status":"publish","type":"post","link":"https:\/\/cdu-graben-neudorf.de\/index.php\/2022\/07\/28\/der-cdu-fraktion-gehoert-nun-bernhard-bernd-kirchgaessner-an\/","title":{"rendered":"Der CDU-Fraktion geh\u00f6rt nun Bernhard (Bernd) Kirchg\u00e4\u00dfner an"},"content":{"rendered":"\n<p>Nach der Verabschiedung von Karl-Heinz Kling, r\u00fcckte am 14.01.22 <strong>Bernd Kirchg\u00e4\u00dfner<\/strong> in den Gemeinderat nach. Sein Nachr\u00fccken basiert auf seinem Wahlergebnis der Kommunalwahlen aus dem Jahr 2019. Bernd ist nun regul\u00e4res Mitglied der neun-k\u00f6pfigen CDU-Fraktion und wird unsere Fraktion u.a. auch im Technischen Ausschuss vertreten.<\/p>\n\n\n\n<p>Der 55-J\u00e4hrige, der mit seiner Familie im Ortsteil Neudorf wohnt, wandte sich nach seiner Verpflichtung als neuer Gemeinderat in einer kurzen Ansprache an die Ratskolleginnen und -kollegen, BM Christian Eheim und die anwesenden Verwaltungsmitglieder und dr\u00fcckte dabei seine Freude \u00fcber das neue Amt aus. Er sicherte zu, seine Ideen und Impulse mit ganzer Kraft und konstruktiv in die Ratsarbeit einzubringen und geht davon aus, dadurch die Zukunft Graben-Neudorfs positiv beeinflussen zu k\u00f6nnen.<\/p>\n\n\n\n<p><strong>Die CDU-Fraktion hei\u00dft Bernd in ihren Reihen herzlich willkommen und freut sich darauf mit ihm zusammenzuarbeiten.<\/strong><\/p>\n\n\n\n<figure class=\"wp-block-image size-large\"><img loading=\"lazy\" decoding=\"async\" width=\"1024\" height=\"683\" src=\"https:\/\/cdu-graben-neudorf.de\/wp-content\/uploads\/2022\/07\/20220114_Bernard_Kirchgaessner-1024x683.jpg\" alt=\"\" class=\"wp-image-139\" srcset=\"https:\/\/cdu-graben-neudorf.de\/wp-content\/uploads\/2022\/07\/20220114_Bernard_Kirchgaessner-1024x683.jpg 1024w, https:\/\/cdu-graben-neudorf.de\/wp-content\/uploads\/2022\/07\/20220114_Bernard_Kirchgaessner-300x200.jpg 300w, https:\/\/cdu-graben-neudorf.de\/wp-content\/uploads\/2022\/07\/20220114_Bernard_Kirchgaessner-768x512.jpg 768w, https:\/\/cdu-graben-neudorf.de\/wp-content\/uploads\/2022\/07\/20220114_Bernard_Kirchgaessner-1536x1024.jpg 1536w, https:\/\/cdu-graben-neudorf.de\/wp-content\/uploads\/2022\/07\/20220114_Bernard_Kirchgaessner-2048x1365.jpg 2048w\" sizes=\"auto, (max-width: 1024px) 100vw, 1024px\" \/><figcaption>Neu-Gemeinderat Bernd Kirchg\u00e4\u00dfner (Mitte) mit BM C. Eheim und seiner Frau Susan<\/figcaption><\/figure>\n","protected":false},"excerpt":{"rendered":"<p>Nach der Verabschiedung von Karl-Heinz Kling, r\u00fcckte am 14.01.22 Bernd Kirchg\u00e4\u00dfner in den Gemeinderat nach. Sein Nachr\u00fccken basiert auf seinem Wahlergebnis der Kommunalwahlen aus dem &hellip; <\/p>\n","protected":false},"author":2,"featured_media":0,"comment_status":"closed","ping_status":"closed","sticky":false,"template":"","format":"standard","meta":{"footnotes":""},"categories":[1,5],"tags":[],"class_list":["post-138","post","type-post","status-publish","format-standard","hentry","category-allgemein","category-gemeinderatsfraktion"],"_links":{"self":[{"href":"https:\/\/cdu-graben-neudorf.de\/index.php\/wp-json\/wp\/v2\/posts\/138","targetHints":{"allow":["GET"]}}],"collection":[{"href":"https:\/\/cdu-graben-neudorf.de\/index.php\/wp-json\/wp\/v2\/posts"}],"about":[{"href":"https:\/\/cdu-graben-neudorf.de\/index.php\/wp-json\/wp\/v2\/types\/post"}],"author":[{"embeddable":true,"href":"https:\/\/cdu-graben-neudorf.de\/index.php\/wp-json\/wp\/v2\/users\/2"}],"replies":[{"embeddable":true,"href":"https:\/\/cdu-graben-neudorf.de\/index.php\/wp-json\/wp\/v2\/comments?post=138"}],"version-history":[{"count":1,"href":"https:\/\/cdu-graben-neudorf.de\/index.php\/wp-json\/wp\/v2\/posts\/138\/revisions"}],"predecessor-version":[{"id":140,"href":"https:\/\/cdu-graben-neudorf.de\/index.php\/wp-json\/wp\/v2\/posts\/138\/revisions\/140"}],"wp:attachment":[{"href":"https:\/\/cdu-graben-neudorf.de\/index.php\/wp-json\/wp\/v2\/media?parent=138"}],"wp:term":[{"taxonomy":"category","embeddable":true,"href":"https:\/\/cdu-graben-neudorf.de\/index.php\/wp-json\/wp\/v2\/categories?post=138"},{"taxonomy":"post_tag","embeddable":true,"href":"https:\/\/cdu-graben-neudorf.de\/index.php\/wp-json\/wp\/v2\/tags?post=138"}],"curies":[{"name":"wp","href":"https:\/\/api.w.org\/{rel}","templated":true}]}}